{"id":9643,"date":"2023-10-01T10:17:40","date_gmt":"2023-10-01T10:17:40","guid":{"rendered":"https:\/\/news.pakistaninewspaperlist.com\/turkey-says-terrorists-carried-out-bomb-attack-in-ankara-the-express-tribune\/"},"modified":"2023-10-01T10:17:40","modified_gmt":"2023-10-01T10:17:40","slug":"turkey-says-terrorists-carried-out-bomb-attack-in-ankara-the-express-tribune","status":"publish","type":"post","link":"https:\/\/pakistaninewspaperlist.com\/news\/turkey-says-terrorists-carried-out-bomb-attack-in-ankara-the-express-tribune\/","title":{"rendered":"Turkey says &#8216;terrorists&#8217; carried out bomb attack in Ankara | The Express Tribune"},"content":{"rendered":"<div id=\"\">\n<strong class=\"location-names\"><br \/>\nANKARA:<br \/>\n<\/strong><\/p>\n<p>\u00a0<\/p>\n<p>Turkey&#8217;s interior minister said on Sunday two terrorists carried out a bomb attack in front of the ministry buildings in Ankara, adding one of them died in the explosion and the other was &#8220;neutralised&#8221; by authorities there.<\/p>\n<p>Turkish media earlier reported that an explosion was heard near the parliament and ministerial buildings, and broadcasters showed footage of debris scattered on a street near the Interior Ministry.<\/p>\n<div data-oembed-url=\"https:\/\/twitter.com\/trtworld\/status\/1708384323483718050?ref_src=twsrc%5Etfw%7Ctwcamp%5Etweetembed%7Ctwterm%5E1708386359675863393%7Ctwgr%5E7b7f6450e0252ed5c1eb4a782873a6c4ae67f59b%7Ctwcon%5Es2_&amp;ref_url=https%3A%2F%2Fwww.dawn.com%2Fnews%2F1778727\">\n<blockquote align=\"center\" class=\"twitter-tweet\" data-dnt=\"true\">\n<p dir=\"ltr\" lang=\"en\"><a rel=\"nofollow\" href=\"https:\/\/twitter.com\/hashtag\/BREAKING?src=hash&amp;ref_src=twsrc%5Etfw\">#BREAKING<\/a>: Two terrorists carry out attack in front of General Directorate of Security in Turkish capital of Ankara, one neutralised, other blows himself \u2013 Interior Minister Ali Yerlikaya <a rel=\"nofollow\" href=\"https:\/\/t.co\/Jx45Y0ZJ0z\">pic.twitter.com\/Jx45Y0ZJ0z<\/a><\/p>\n<p>\u2014 TRT World (@trtworld) <a rel=\"nofollow\" href=\"https:\/\/twitter.com\/trtworld\/status\/1708384323483718050?ref_src=twsrc%5Etfw\">October 1, 2023<\/a><\/p><\/blockquote>\n<\/div>\n<p>At least police officers were injured in the explosion, officials confirmed.\u00a0<\/p>\n<div data-oembed-url=\"https:\/\/twitter.com\/trtworld\/status\/1708386359675863393\">\n<blockquote align=\"center\" class=\"twitter-tweet\" data-conversation=\"none\" data-dnt=\"true\">\n<p dir=\"ltr\" lang=\"en\">Two police officers slightly injured in terrorist attack in front of General Directorate of Security in Ankara, says Turkish Interior Minister Yerlikaya. Rupert Stone reports <a rel=\"nofollow\" href=\"https:\/\/t.co\/GWtXhxUbbK\">pic.twitter.com\/GWtXhxUbbK<\/a><\/p>\n<p>\u2014 TRT World (@trtworld) <a rel=\"nofollow\" href=\"https:\/\/twitter.com\/trtworld\/status\/1708386359675863393?ref_src=twsrc%5Etfw\">October 1, 2023<\/a><\/p><\/blockquote>\n<\/div>\n<div data-oembed-url=\"https:\/\/twitter.com\/trtworld\/status\/1708392934582661522\">\n<blockquote align=\"center\" class=\"twitter-tweet\" data-conversation=\"none\" data-dnt=\"true\">\n<p dir=\"ltr\" lang=\"en\">&#8220;Two terrorists, who arrived in a light commercial vehicle in front of the gate of the General Directorate of Security, carried out a bomb attack&#8221; \u2013 Turkish Interior Minister Yerlikaya on terror attack in Ankara <a rel=\"nofollow\" href=\"https:\/\/t.co\/txSoim3MLh\">pic.twitter.com\/txSoim3MLh<\/a><\/p>\n<p>\u2014 TRT World (@trtworld) <a rel=\"nofollow\" href=\"https:\/\/twitter.com\/trtworld\/status\/1708392934582661522?ref_src=twsrc%5Etfw\">October 1, 2023<\/a><\/p><\/blockquote>\n<\/div>\n<p><em>Reuters<\/em> footage showed soldiers, ambulances, fire trucks and an armoured vehicle gathered near the centre of Turkey&#8217;s capital, where police had blocked several nearby roads.<\/p>\n<p>Ali Yerlikaya, the interior minister, said on social media platform X, formerly Twitter, that two police officers were slightly injured in the incident at 9.30AM.\u00a0<\/p>\n<p>&#8220;Two terrorists came with a light commercial vehicle in front of the entrance gate of the General Directorate of Security of our Ministry of Internal Affairs and carried out a bomb attack,&#8221; he said.<\/p>\n<div data-oembed-url=\"https:\/\/twitter.com\/AliYerlikaya\/status\/1708379773032972410?ref_src=twsrc%5Etfw%7Ctwcamp%5Etweetembed%7Ctwterm%5E1708379773032972410%7Ctwgr%5E516623f624083c6ddd60b4c0d620f7cc4cb4b926%7Ctwcon%5Es1_&amp;ref_url=https%3A%2F%2Fwww.dawn.com%2Fnews%2F1778727\">\n<blockquote align=\"center\" class=\"twitter-tweet\" data-dnt=\"true\">\n<p dir=\"ltr\" lang=\"tr\">Saat 09.30 s\u0131ralar\u0131nda \u0130\u00e7i\u015fleri Bakanl\u0131\u011f\u0131m\u0131z Emniyet Genel M\u00fcd\u00fcrl\u00fc\u011f\u00fc giri\u015f kap\u0131s\u0131 \u00f6n\u00fcne hafif ticari ara\u00e7la gelen 2 ter\u00f6rist bombal\u0131 sald\u0131r\u0131 eyleminde bulunmu\u015ftur.<\/p>\n<p>Ter\u00f6ristlerden biri kendini patlatm\u0131\u015f, di\u011fer ter\u00f6rist etkisiz hale getirilmi\u015ftir.<\/p>\n<p>A\u00e7\u0131lan ate\u015f s\u0131ras\u0131nda 2 Emniyet\u2026<\/p>\n<p>\u2014 Ali Yerlikaya (@AliYerlikaya) <a rel=\"nofollow\" href=\"https:\/\/twitter.com\/AliYerlikaya\/status\/1708379773032972410?ref_src=twsrc%5Etfw\">October 1, 2023<\/a><\/p><\/blockquote>\n<\/div>\n<p>He added that one blew himself up and the other was &#8220;neutralised&#8221;, which usually means was killed. &#8220;Our struggle will continue until the last terrorist is neutralised,&#8221; Yerlikaya wrote.<\/p>\n<p>Ankara&#8217;s chief prosecutor launched an investigation into what it also called a terrorist attack.<\/p>\n<p>Authorities did not identify any specific militant group.<\/p>\n<\/div>\n<p><script async src=\"\/\/platform.twitter.com\/widgets.js\" charset=\"utf-8\"><\/script><script async defer crossorigin=\"anonymous\" src=\"https:\/\/connect.facebook.net\/en_US\/sdk.js#xfbml=1&#038;version=v5.0&#038;appId=419051588770002&#038;autoLogAppEvents=1\"><\/script><\/p>\n","protected":false},"excerpt":{"rendered":"<p>ANKARA: \u00a0 Turkey&#8217;s interior minister said on Sunday two terrorists carried out a bomb attack in front of the ministry buildings in Ankara, adding one of them died in the explosion and the other was &#8220;neutralised&#8221; by authorities there. Turkish media earlier reported that an explosion was heard near the parliament and ministerial buildings, and [&hellip;]<\/p>\n","protected":false},"author":2,"featured_media":9644,"comment_status":"open","ping_status":"open","sticky":false,"template":"","format":"standard","meta":{"_acf_changed":false,"om_disable_all_campaigns":false,"_monsterinsights_skip_tracking":false,"_monsterinsights_sitenote_active":false,"_monsterinsights_sitenote_note":"","_monsterinsights_sitenote_category":0,"site-sidebar-layout":"default","site-content-layout":"","ast-site-content-layout":"default","site-content-style":"default","site-sidebar-style":"default","ast-global-header-display":"","ast-banner-title-visibility":"","ast-main-header-display":"","ast-hfb-above-header-display":"","ast-hfb-below-header-display":"","ast-hfb-mobile-header-display":"","site-post-title":"","ast-breadcrumbs-content":"","ast-featured-img":"","footer-sml-layout":"","ast-disable-related-posts":"","theme-transparent-header-meta":"","adv-header-id-meta":"","stick-header-meta":"","header-above-stick-meta":"","header-main-stick-meta":"","header-below-stick-meta":"","astra-migrate-meta-layouts":"default","ast-page-background-enabled":"default","ast-page-background-meta":{"desktop":{"background-color":"var(--ast-global-color-4)","background-image":"","background-repeat":"repeat","background-position":"center center","background-size":"auto","background-attachment":"scroll","background-type":"","background-media":"","overlay-type":"","overlay-color":"","overlay-opacity":"","overlay-gradient":""},"tablet":{"background-color":"","background-image":"","background-repeat":"repeat","background-position":"center center","background-size":"auto","background-attachment":"scroll","background-type":"","background-media":"","overlay-type":"","overlay-color":"","overlay-opacity":"","overlay-gradient":""},"mobile":{"background-color":"","background-image":"","background-repeat":"repeat","background-position":"center center","background-size":"auto","background-attachment":"scroll","background-type":"","background-media":"","overlay-type":"","overlay-color":"","overlay-opacity":"","overlay-gradient":""}},"ast-content-background-meta":{"desktop":{"background-color":"var(--ast-global-color-5)","background-image":"","background-repeat":"repeat","background-position":"center center","background-size":"auto","background-attachment":"scroll","background-type":"","background-media":"","overlay-type":"","overlay-color":"","overlay-opacity":"","overlay-gradient":""},"tablet":{"background-color":"var(--ast-global-color-5)","background-image":"","background-repeat":"repeat","background-position":"center center","background-size":"auto","background-attachment":"scroll","background-type":"","background-media":"","overlay-type":"","overlay-color":"","overlay-opacity":"","overlay-gradient":""},"mobile":{"background-color":"var(--ast-global-color-5)","background-image":"","background-repeat":"repeat","background-position":"center center","background-size":"auto","background-attachment":"scroll","background-type":"","background-media":"","overlay-type":"","overlay-color":"","overlay-opacity":"","overlay-gradient":""}},"fifu_image_url":"https:\/\/i.tribune.com.pk\/media\/images\/Screenshot-2023-10-01-at-1-19-25-PM1696148418-0\/Screenshot-2023-10-01-at-1-19-25-PM1696148418-0.png","fifu_image_alt":"","footnotes":""},"categories":[13],"tags":[],"class_list":["post-9643","post","type-post","status-publish","format-standard","has-post-thumbnail","hentry","category-top-news"],"acf":[],"aioseo_notices":[],"_links":{"self":[{"href":"https:\/\/pakistaninewspaperlist.com\/news\/wp-json\/wp\/v2\/posts\/9643","targetHints":{"allow":["GET"]}}],"collection":[{"href":"https:\/\/pakistaninewspaperlist.com\/news\/wp-json\/wp\/v2\/posts"}],"about":[{"href":"https:\/\/pakistaninewspaperlist.com\/news\/wp-json\/wp\/v2\/types\/post"}],"author":[{"embeddable":true,"href":"https:\/\/pakistaninewspaperlist.com\/news\/wp-json\/wp\/v2\/users\/2"}],"replies":[{"embeddable":true,"href":"https:\/\/pakistaninewspaperlist.com\/news\/wp-json\/wp\/v2\/comments?post=9643"}],"version-history":[{"count":0,"href":"https:\/\/pakistaninewspaperlist.com\/news\/wp-json\/wp\/v2\/posts\/9643\/revisions"}],"wp:featuredmedia":[{"embeddable":true,"href":"https:\/\/pakistaninewspaperlist.com\/news\/wp-json\/wp\/v2\/media\/9644"}],"wp:attachment":[{"href":"https:\/\/pakistaninewspaperlist.com\/news\/wp-json\/wp\/v2\/media?parent=9643"}],"wp:term":[{"taxonomy":"category","embeddable":true,"href":"https:\/\/pakistaninewspaperlist.com\/news\/wp-json\/wp\/v2\/categories?post=9643"},{"taxonomy":"post_tag","embeddable":true,"href":"https:\/\/pakistaninewspaperlist.com\/news\/wp-json\/wp\/v2\/tags?post=9643"}],"curies":[{"name":"wp","href":"https:\/\/api.w.org\/{rel}","templated":true}]}}